{"id":364263,"date":"2025-09-06T14:12:49","date_gmt":"2025-09-06T06:12:49","guid":{"rendered":"https:\/\/www.dafennet.com\/?p=364263"},"modified":"2025-09-06T14:12:51","modified_gmt":"2025-09-06T06:12:51","slug":"die-bestandigkeit-der-erinnerung-salvador-dali-surrealismus-traume-und-der-fluss-der-zeit","status":"publish","type":"post","link":"https:\/\/www.dafennet.com\/de\/the-persistence-of-memory-salvador-dali-surrealism-dreams-and-the-flow-of-time\/","title":{"rendered":"Die Best\u00e4ndigkeit der Erinnerung \u2013 Salvador Dal\u00ed | Surrealismus, Tr\u00e4ume und der Fluss der Zeit"},"content":{"rendered":"<p class=\"wp-block-paragraph\"><strong>Die Best\u00e4ndigkeit der Erinnerung<\/strong> (1931) von <strong>Salvador Dal\u00ed<\/strong> ist eines der bekanntesten Meisterwerke des Surrealismus. Mit seiner einzigartigen Bildsprache der \u201cschmelzenden Uhren\u201d ist das Gem\u00e4lde zu Dal\u00eds bekanntestem Werk geworden, das seine unverwechselbare Sichtweise auf Zeit und Realit\u00e4t widerspiegelt.<\/p>\n\n\n\n<figure class=\"wp-block-image size-full\"><a href=\"https:\/\/www.dafennet.com\/de\/\"><img decoding=\"async\" width=\"1116\" height=\"801\" src=\"https:\/\/www.dafennet.com\/wp-content\/uploads\/2025\/09\/0bd162d9f2d3572c4267eb5dd719562963d0c346.webp\" alt=\"\u00d6lgem\u00e4lde von\" class=\"wp-image-364264\" title=\"\" srcset=\"https:\/\/www.dafennet.com\/wp-content\/uploads\/2025\/09\/0bd162d9f2d3572c4267eb5dd719562963d0c346.webp 1116w, https:\/\/www.dafennet.com\/wp-content\/uploads\/2025\/09\/0bd162d9f2d3572c4267eb5dd719562963d0c346-557x400.webp 557w, https:\/\/www.dafennet.com\/wp-content\/uploads\/2025\/09\/0bd162d9f2d3572c4267eb5dd719562963d0c346-768x551.webp 768w, https:\/\/www.dafennet.com\/wp-content\/uploads\/2025\/09\/0bd162d9f2d3572c4267eb5dd719562963d0c346-510x366.webp 510w, https:\/\/www.dafennet.com\/wp-content\/uploads\/2025\/09\/0bd162d9f2d3572c4267eb5dd719562963d0c346-500x359.webp 500w\" sizes=\"(max-width: 1116px) 100vw, 1116px\" \/><\/a><\/figure>\n\n\n\n<hr class=\"wp-block-separator has-alpha-channel-opacity\"\/>\n\n\n\n<h3 class=\"wp-block-heading\">Hintergrund und Geschichte<\/h3>\n\n\n\n<p class=\"wp-block-paragraph\">Dal\u00ed malte <em>Die Best\u00e4ndigkeit der Erinnerung<\/em> nachdem er sich 1929 der surrealistischen Bewegung angeschlossen hatte. In Paris lernte er Andr\u00e9 Breton und andere surrealistische K\u00fcnstler kennen und begann, seine \u201cparanoisch-kritische Methode\u201d zu entwickeln, eine Technik, mit der er Halluzinationen und obsessive Zust\u00e4nde hervorrief, um seine Kreativit\u00e4t anzuregen. Dieser Ansatz erm\u00f6glichte es ihm, die Grenzen der Realit\u00e4t zu \u00fcberschreiten und traumhafte, irrationale Bilder zu schaffen (MoMA, Artsy).<\/p>\n\n\n\n<p class=\"wp-block-paragraph\">Das Werk wurde erstmals 1932 in der Julien Levy Gallery ausgestellt. 1934 wurde es anonym dem Museum of Modern Art (MoMA) in New York gestiftet, wo es bis heute dauerhaft ausgestellt ist (MoMA, WikiArt).<\/p>\n\n\n\n<figure class=\"wp-block-image size-large\"><a href=\"https:\/\/www.dafennet.com\/wp-content\/uploads\/2025\/09\/5ab5c9ea15ce36d39e5ecb6766f90f89e950b123.webp\"><img decoding=\"async\" width=\"649\" height=\"800\" src=\"https:\/\/www.dafennet.com\/wp-content\/uploads\/2025\/09\/5ab5c9ea15ce36d39e5ecb6766f90f89e950b123-649x800.webp\" alt=\"\u00d6lgem\u00e4lde von\" class=\"wp-image-364265\" title=\"\" srcset=\"https:\/\/www.dafennet.com\/wp-content\/uploads\/2025\/09\/5ab5c9ea15ce36d39e5ecb6766f90f89e950b123-649x800.webp 649w, https:\/\/www.dafennet.com\/wp-content\/uploads\/2025\/09\/5ab5c9ea15ce36d39e5ecb6766f90f89e950b123-324x400.webp 324w, https:\/\/www.dafennet.com\/wp-content\/uploads\/2025\/09\/5ab5c9ea15ce36d39e5ecb6766f90f89e950b123-768x947.webp 768w, https:\/\/www.dafennet.com\/wp-content\/uploads\/2025\/09\/5ab5c9ea15ce36d39e5ecb6766f90f89e950b123-510x629.webp 510w, https:\/\/www.dafennet.com\/wp-content\/uploads\/2025\/09\/5ab5c9ea15ce36d39e5ecb6766f90f89e950b123-405x500.webp 405w, https:\/\/www.dafennet.com\/wp-content\/uploads\/2025\/09\/5ab5c9ea15ce36d39e5ecb6766f90f89e950b123.webp 848w\" sizes=\"(max-width: 649px) 100vw, 649px\" \/><\/a><\/figure>\n\n\n\n<hr class=\"wp-block-separator has-alpha-channel-opacity\"\/>\n\n\n\n<h3 class=\"wp-block-heading\">Details und Symbolik<\/h3>\n\n\n\n<p class=\"wp-block-paragraph\">Die auff\u00e4lligsten Elemente des Gem\u00e4ldes sind die vier schmelzenden Taschenuhren, Symbole f\u00fcr die Instabilit\u00e4t und Relativit\u00e4t der Zeit in Tr\u00e4umen und Erinnerungen. Dal\u00ed selbst beschrieb diese Uhren als \u201cden Camembert der Zeit\u201d und spielte damit sowohl auf ihre Weichheit als auch auf ihren Verfall an. Ameisen und Fliegen, die \u00fcber die Oberfl\u00e4chen krabbeln, symbolisieren Verfall und Sterblichkeit und verst\u00e4rken das Thema der Verg\u00e4nglichkeit des Daseins (Artsy, ArtinContext).<\/p>\n\n\n\n<figure class=\"wp-block-image size-large\"><a href=\"https:\/\/www.dafennet.com\/wp-content\/uploads\/2025\/09\/3812b31bb051f81972e4b3bd87be7fe32f73e719.webp\"><img decoding=\"async\" width=\"800\" height=\"800\" src=\"https:\/\/www.dafennet.com\/wp-content\/uploads\/2025\/09\/3812b31bb051f81972e4b3bd87be7fe32f73e719-800x800.webp\" alt=\"\u00d6lgem\u00e4lde von\" class=\"wp-image-364268\" title=\"\" srcset=\"https:\/\/www.dafennet.com\/wp-content\/uploads\/2025\/09\/3812b31bb051f81972e4b3bd87be7fe32f73e719-800x800.webp 800w, https:\/\/www.dafennet.com\/wp-content\/uploads\/2025\/09\/3812b31bb051f81972e4b3bd87be7fe32f73e719-400x400.webp 400w, https:\/\/www.dafennet.com\/wp-content\/uploads\/2025\/09\/3812b31bb051f81972e4b3bd87be7fe32f73e719-280x280.webp 280w, https:\/\/www.dafennet.com\/wp-content\/uploads\/2025\/09\/3812b31bb051f81972e4b3bd87be7fe32f73e719-768x768.webp 768w, https:\/\/www.dafennet.com\/wp-content\/uploads\/2025\/09\/3812b31bb051f81972e4b3bd87be7fe32f73e719-247x247.webp 247w, https:\/\/www.dafennet.com\/wp-content\/uploads\/2025\/09\/3812b31bb051f81972e4b3bd87be7fe32f73e719-510x510.webp 510w, https:\/\/www.dafennet.com\/wp-content\/uploads\/2025\/09\/3812b31bb051f81972e4b3bd87be7fe32f73e719-100x100.webp 100w, https:\/\/www.dafennet.com\/wp-content\/uploads\/2025\/09\/3812b31bb051f81972e4b3bd87be7fe32f73e719-500x500.webp 500w, https:\/\/www.dafennet.com\/wp-content\/uploads\/2025\/09\/3812b31bb051f81972e4b3bd87be7fe32f73e719.webp 848w\" sizes=\"(max-width: 800px) 100vw, 800px\" \/><\/a><\/figure>\n\n\n\n<p class=\"wp-block-paragraph\">Im Zentrum des Gem\u00e4ldes befindet sich eine seltsame, amorphe Kreatur, die oft als Dal\u00eds Selbstportr\u00e4t interpretiert wird. Mit ihren langen Wimpern und undeutlichen Gesichtsz\u00fcgen erinnert sie an eine traumhafte Version des K\u00fcnstlers selbst. Diese surreale Form taucht in seinen Werken immer wieder auf und symbolisiert seine Erforschung des Unterbewusstseins und der menschlichen Psyche (WikiArt, ArtinContext).<\/p>\n\n\n\n<figure class=\"wp-block-image size-full\"><a href=\"https:\/\/www.dafennet.com\/wp-content\/uploads\/2025\/09\/50da81cb39dbb6fd8a25bc356b2e9e16972b37bb.webp\"><img decoding=\"async\" width=\"1242\" height=\"621\" src=\"https:\/\/www.dafennet.com\/wp-content\/uploads\/2025\/09\/50da81cb39dbb6fd8a25bc356b2e9e16972b37bb.webp\" alt=\"\u00d6lgem\u00e4lde von\" class=\"wp-image-364267\" title=\"\" srcset=\"https:\/\/www.dafennet.com\/wp-content\/uploads\/2025\/09\/50da81cb39dbb6fd8a25bc356b2e9e16972b37bb.webp 1242w, https:\/\/www.dafennet.com\/wp-content\/uploads\/2025\/09\/50da81cb39dbb6fd8a25bc356b2e9e16972b37bb-800x400.webp 800w, https:\/\/www.dafennet.com\/wp-content\/uploads\/2025\/09\/50da81cb39dbb6fd8a25bc356b2e9e16972b37bb-768x384.webp 768w, https:\/\/www.dafennet.com\/wp-content\/uploads\/2025\/09\/50da81cb39dbb6fd8a25bc356b2e9e16972b37bb-510x255.webp 510w, https:\/\/www.dafennet.com\/wp-content\/uploads\/2025\/09\/50da81cb39dbb6fd8a25bc356b2e9e16972b37bb-500x250.webp 500w\" sizes=\"(max-width: 1242px) 100vw, 1242px\" \/><\/a><\/figure>\n\n\n\n<hr class=\"wp-block-separator has-alpha-channel-opacity\"\/>\n\n\n\n<h3 class=\"wp-block-heading\">Poetische Wiedergabe<\/h3>\n\n\n\n<p class=\"wp-block-paragraph\">Auf Dal\u00eds Leinwand,<br>Die Zeit schmilzt wie K\u00e4se.<br>Tr\u00e4ume verschmelzen mit der Realit\u00e4t,<br>und jede schmelzende Uhr<br>fl\u00fcstert die Verg\u00e4nglichkeit der Zeit.<\/p>\n\n\n\n<figure class=\"wp-block-image size-full\"><a href=\"https:\/\/www.dafennet.com\/wp-content\/uploads\/2025\/09\/c2cec3fdfc03924513f3a25fda9e91cc7d1e2530.webp\"><img decoding=\"async\" width=\"884\" height=\"521\" src=\"https:\/\/www.dafennet.com\/wp-content\/uploads\/2025\/09\/c2cec3fdfc03924513f3a25fda9e91cc7d1e2530.webp\" alt=\"\u00d6lgem\u00e4lde von\" class=\"wp-image-364269\" title=\"\" srcset=\"https:\/\/www.dafennet.com\/wp-content\/uploads\/2025\/09\/c2cec3fdfc03924513f3a25fda9e91cc7d1e2530.webp 884w, https:\/\/www.dafennet.com\/wp-content\/uploads\/2025\/09\/c2cec3fdfc03924513f3a25fda9e91cc7d1e2530-679x400.webp 679w, https:\/\/www.dafennet.com\/wp-content\/uploads\/2025\/09\/c2cec3fdfc03924513f3a25fda9e91cc7d1e2530-768x453.webp 768w, https:\/\/www.dafennet.com\/wp-content\/uploads\/2025\/09\/c2cec3fdfc03924513f3a25fda9e91cc7d1e2530-510x301.webp 510w, https:\/\/www.dafennet.com\/wp-content\/uploads\/2025\/09\/c2cec3fdfc03924513f3a25fda9e91cc7d1e2530-500x295.webp 500w\" sizes=\"(max-width: 884px) 100vw, 884px\" \/><\/a><\/figure>\n\n\n\n<p class=\"wp-block-paragraph\"><\/p>","protected":false},"excerpt":{"rendered":"<p>The Persistence of Memory (1931) by Salvador Dal\u00ed is one of the most iconic masterpieces of Surrealism. With its unique imagery of \u201cmelting clocks,\u201d the painting has become Dal\u00ed\u2019s most widely recognized work, reflecting his distinctive vision of time and reality. Background and History Dal\u00ed painted The Persistence of Memory after joining the Surrealist movement [&#8230;]\n","protected":false},"author":1,"featured_media":364266,"comment_status":"open","ping_status":"open","sticky":false,"template":"","format":"standard","meta":{"footnotes":""},"categories":[1],"tags":[],"class_list":["post-364263","post","type-post","status-publish","format-standard","has-post-thumbnail","hentry","category-dafen-oil-painting-village"],"_links":{"self":[{"href":"https:\/\/www.dafennet.com\/de\/wp-json\/wp\/v2\/posts\/364263","targetHints":{"allow":["GET"]}}],"collection":[{"href":"https:\/\/www.dafennet.com\/de\/wp-json\/wp\/v2\/posts"}],"about":[{"href":"https:\/\/www.dafennet.com\/de\/wp-json\/wp\/v2\/types\/post"}],"author":[{"embeddable":true,"href":"https:\/\/www.dafennet.com\/de\/wp-json\/wp\/v2\/users\/1"}],"replies":[{"embeddable":true,"href":"https:\/\/www.dafennet.com\/de\/wp-json\/wp\/v2\/comments?post=364263"}],"version-history":[{"count":0,"href":"https:\/\/www.dafennet.com\/de\/wp-json\/wp\/v2\/posts\/364263\/revisions"}],"wp:featuredmedia":[{"embeddable":true,"href":"https:\/\/www.dafennet.com\/de\/wp-json\/wp\/v2\/media\/364266"}],"wp:attachment":[{"href":"https:\/\/www.dafennet.com\/de\/wp-json\/wp\/v2\/media?parent=364263"}],"wp:term":[{"taxonomy":"category","embeddable":true,"href":"https:\/\/www.dafennet.com\/de\/wp-json\/wp\/v2\/categories?post=364263"},{"taxonomy":"post_tag","embeddable":true,"href":"https:\/\/www.dafennet.com\/de\/wp-json\/wp\/v2\/tags?post=364263"}],"curies":[{"name":"wp","href":"https:\/\/api.w.org\/{rel}","templated":true}]}}